[{"@context":"https:\/\/schema.org\/","@type":"Article","@id":"https:\/\/www.kapstop.cz\/novejsi-spravedlivejsi-vypocet-dnu-dovolene\/#Article","mainEntityOfPage":"https:\/\/www.kapstop.cz\/novejsi-spravedlivejsi-vypocet-dnu-dovolene\/","headline":"Nov\u011bj\u0161\u00ed, spravedliv\u011bj\u0161\u00ed v\u00fdpo\u010det dn\u016f dovolen\u00e9","name":"Nov\u011bj\u0161\u00ed, spravedliv\u011bj\u0161\u00ed v\u00fdpo\u010det dn\u016f dovolen\u00e9","description":"Zm\u011bna v\u00fdpo\u010dtu dovolen\u00e9 je sou\u010d\u00e1st\u00ed novely z\u00e1kon\u00edku pr\u00e1ce a m\u011bla by p\u0159ij\u00edt od roku 2021. Na t\u011bchto zm\u011bn\u00e1ch se pod\u00edlelo ministerstvo pr\u00e1ce a soci\u00e1ln\u00edch v\u011bc\u00ed s\u00a0firmami a odborov\u00fdmi svazy. \u00a0 Aktu\u00e1ln\u00ed d\u00e9lka povinn\u00e9 z\u00e1konem stanoven\u00e9 dovolen\u00e9 \u010dty\u0159i t\u00fddny se m\u011bnit nebude. Samotn\u00e1 ministryn\u011b pr\u00e1ce by r\u00e1da podpo\u0159ila n\u00e1vrh komunist\u016f, kte\u0159\u00ed cht\u011bj\u00ed p\u0159idat povinn\u00fd p\u00e1t\u00fd t\u00fdden [&hellip;]","datePublished":"2019-11-25","dateModified":"2023-05-03","author":{"@type":"Person","@id":"https:\/\/www.kapstop.cz\/author\/#Person","name":"","url":"https:\/\/www.kapstop.cz\/author\/","identifier":1,"image":{"@type":"ImageObject","@id":"https:\/\/secure.gravatar.com\/avatar\/60cfa630c84b6c399b95e807e4bc5b6bfe4f26a47dceacbf179d7148760edc6a?s=96&d=mm&r=g","url":"https:\/\/secure.gravatar.com\/avatar\/60cfa630c84b6c399b95e807e4bc5b6bfe4f26a47dceacbf179d7148760edc6a?s=96&d=mm&r=g","height":96,"width":96}},"publisher":{"@type":"Organization","name":"kapstop.cz","logo":{"@type":"ImageObject","@id":"\/logo.png","url":"\/logo.png","width":600,"height":60}},"image":{"@type":"ImageObject","@id":"https:\/\/www.kapstop.cz\/wp-content\/uploads\/img_a359378_w3888_t1573373950.jpg","url":"https:\/\/www.kapstop.cz\/wp-content\/uploads\/img_a359378_w3888_t1573373950.jpg","height":0,"width":0},"url":"https:\/\/www.kapstop.cz\/novejsi-spravedlivejsi-vypocet-dnu-dovolene\/","about":["Podnik\u00e1n\u00ed"],"wordCount":458,"articleBody":"Zm\u011bna v\u00fdpo\u010dtu dovolen\u00e9 je sou\u010d\u00e1st\u00ed novely z\u00e1kon\u00edku pr\u00e1ce a m\u011bla by p\u0159ij\u00edt od roku 2021. Na t\u011bchto zm\u011bn\u00e1ch se pod\u00edlelo ministerstvo pr\u00e1ce a soci\u00e1ln\u00edch v\u011bc\u00ed s\u00a0firmami a odborov\u00fdmi svazy.\t\u00a0\tAktu\u00e1ln\u00ed d\u00e9lka povinn\u00e9 z\u00e1konem stanoven\u00e9 dovolen\u00e9 \u010dty\u0159i t\u00fddny se m\u011bnit nebude. Samotn\u00e1 ministryn\u011b pr\u00e1ce by r\u00e1da podpo\u0159ila n\u00e1vrh komunist\u016f, kte\u0159\u00ed cht\u011bj\u00ed p\u0159idat povinn\u00fd p\u00e1t\u00fd t\u00fdden dovolen\u00e9, ale tento n\u00e1vrh nedostal takovou podporu.\t\u00a0\tV\u00a0praxi se dovolen\u00e1 ode\u010d\u00edt\u00e1 ve dnech, probl\u00e9m v\u0161ak je, \u017ee pracovn\u00ed den nen\u00ed v\u017edy stejn\u00fd a netrv\u00e1 v\u017edy pouze 8 hodin. Rozd\u00edly jsou patrn\u00e9 p\u0159ev\u00e1\u017en\u011b u pracovn\u00edk\u016f, kte\u0159\u00ed pracuj\u00ed na sm\u011bny v\u00a0tov\u00e1rn\u011b nebo v\u00a0doprav\u011b. N\u011bkter\u00e9 sm\u011bny jsou stanoveny na dvan\u00e1ct hodin a jin\u00e9 t\u0159eba jen na \u0161est hodin. V\u00fdjimku netvo\u0159\u00ed ani \u00fa\u0159ednick\u00e9 profese, kde \u00fa\u0159edn\u00edci tr\u00e1v\u00ed rozd\u00edln\u00fd \u010das v\u00a0kancel\u00e1\u0159i v\u00a0\u00fa\u0159edn\u00ed dny a mimo \u00fa\u0159edn\u00ed dny. \t\u00a0\tRozd\u00edl je mo\u017en\u00e9 popsat na p\u0159\u00edkladu dvou pracovn\u00edk\u016f. Pokud m\u00e1me dva pracovn\u00edky pracuj\u00edc\u00ed na sm\u011bny a jeden pracovn\u00edk si vyb\u00edr\u00e1 dovolenou pouze tehdy, vych\u00e1z\u00ed-li na n\u011bj del\u0161\u00ed pracovn\u00ed sm\u011bna a druh\u00fd pracovn\u00edk dost\u00e1v\u00e1 dovolenou jen ve dny, kdy na n\u011bj vych\u00e1z\u00ed nejkrat\u0161\u00ed sm\u011bna, je u\u017e na prvn\u00ed pohled jasn\u00e9, \u017ee prvn\u00ed pracovn\u00edk m\u00e1 na hodiny mnohem v\u00edc dovolen\u00e9 ne\u017e druh\u00fd pracovn\u00edk.\t\u00a0\tN\u00e1rok na dovolenou se m\u00e1 podle z\u00e1konod\u00e1rc\u016f odv\u00edjet podle odpracovan\u00fdch hodin, nikoliv podle dn\u00ed. V\u00a0r\u00e1mci t\u00e9to zm\u011bny by se zohlednilo, kolik hodin zam\u011bstnanec skute\u010dn\u011b str\u00e1vil prac\u00ed. Jakmile by si odpracoval ur\u010dit\u00fd po\u010det hodin, vznikl by mu n\u00e1rok na \u010derp\u00e1n\u00ed dovolen\u00e9.\t\u00a0\tPodle ministerstva pr\u00e1ce je sou\u010dasn\u00fd syst\u00e9m nespravedliv\u00fd a nenahr\u00e1v\u00e1 ani principu rovn\u00e9ho zach\u00e1zen\u00ed s\u00a0pracovn\u00edky. Zm\u011bny se sna\u017e\u00ed tak\u00e9 reagovat na vznik zkr\u00e1cen\u00fdch \u00favazk\u016f nebo na st\u00e1le obl\u00edben\u011bj\u0161\u00ed \u201ehome office\u201c neboli pr\u00e1ci z\u00a0domova. Tito zam\u011bstnanci si pracovn\u00ed dobu rozvrhnou sami a m\u016f\u017eou si svoji pr\u00e1ci odpracovat v\u00a0krat\u0161\u00edm \u010dase. \t\u00a0\tV\u00a0novele z\u00e1kona by se m\u011bl zjednodu\u0161it p\u0159evod nevy\u010derpan\u00e9 dovolen\u00e9 do dal\u0161\u00edho roku. V\u00a0sou\u010dasnosti je v\u00a0z\u00e1kon\u011b uvedena povinnost si svoji ro\u010dn\u00ed dovolenou vy\u010derpat v\u00a0r\u00e1mci dan\u00e9ho roku. Pokud zam\u011bstnanec dostane dovolenou nad r\u00e1mec z\u00e1konem stanoven\u00e9 dovolen\u00e9, bude mo\u017en\u00e9 si ji p\u0159ev\u00e9st do dal\u0161\u00edho roku.                                                                                                                                                                                                                                                                                                                                                                                        4.4\/5 - (10 votes)        "},{"@context":"https:\/\/schema.org\/","@type":"BreadcrumbList","itemListElement":[{"@type":"ListItem","position":1,"name":"Nov\u011bj\u0161\u00ed, spravedliv\u011bj\u0161\u00ed v\u00fdpo\u010det dn\u016f dovolen\u00e9","item":"https:\/\/www.kapstop.cz\/novejsi-spravedlivejsi-vypocet-dnu-dovolene\/#breadcrumbitem"}]}]